{"id":5452,"date":"2021-08-18T21:16:18","date_gmt":"2021-08-19T02:16:18","guid":{"rendered":"https:\/\/bakemark.com\/la-vanille-est-polyvalente\/"},"modified":"2025-02-04T14:56:46","modified_gmt":"2025-02-04T20:56:46","slug":"la-vanille-est-polyvalente","status":"publish","type":"post","link":"https:\/\/bakemark.com\/fr\/la-vanille-est-polyvalente\/","title":{"rendered":"La vanille est polyvalente"},"content":{"rendered":"&#13;\n<p>Parfois, les gens consid\u00e8rent la vanille comme une mauvaise chose&#8230; mais en r\u00e9alit\u00e9, la vanille est plut\u00f4t \u00e9tonnante ! Combien d&rsquo;autres saveurs pouvez-vous imaginer qui se marient avec \u00e0 peu pr\u00e8s n&rsquo;importe quoi, ou qui peuvent m\u00eame \u00eatre transform\u00e9es en quelque chose d&rsquo;autre ? Il n&rsquo;y en a pas beaucoup ! En parlant de vanille&#8230;   <\/p>&#13;\n&#13;\n<h3 id=\"h-happy-vanilla-custard-day\" class=\"has-vivid-red-color has-text-color wp-block-heading\">Bonne journ\u00e9e de la cr\u00e8me vanille !<\/h3>&#13;\n&#13;\n<p>Chaque chien&#8230; euh, dessert&#8230; a son jour, et hier, le 17 ao\u00fbt, s&rsquo;est av\u00e9r\u00e9 \u00eatre LE jour de la cr\u00e8me p\u00e2tissi\u00e8re \u00e0 la vanille ! Saviez-vous que BakeMark propose une cr\u00e8me p\u00e2tissi\u00e8re \u00e0 la vanille que vous pouvez utiliser dans toutes sortes de pr\u00e9parations, des tartes aux g\u00e2teaux en passant par les beignets&#8230; et bien d&rsquo;autres choses encore ? Eh bien, nous le savons ! Vous ne la reconna\u00eetrez peut-\u00eatre pas au premier coup d&rsquo;\u0153il en raison de son nom, mais la cr\u00e8me p\u00e2tissi\u00e8re Westco Snot Block est exactement ce qu&rsquo;il vous faut pour offrir de la polyvalence dans votre cuisine avec un seul produit.   <\/p>&#13;\n&#13;\n<h3 id=\"h-snot-block-cr-me-filling\" class=\"has-vivid-red-color has-text-color wp-block-heading\">Remplissage de cr\u00e8me pour bloc de morve ?<\/h3>&#13;\n&#13;\n<p>Oui, vous avez bien lu&#8230; notre garniture est un outil extraordinaire \u00e0 avoir dans votre arsenal de boulangerie, car elle peut vous aider \u00e0 produire des produits impressionnants qui feront revenir vos clients encore et encore. Bien que le nom puisse \u00eatre un peu dr\u00f4le<em><a href=\"https:\/\/www.news.com.au\/lifestyle\/food\/eat\/vanilla-slice-or-snot-block-aussies-debate-treat-name\/news-story\/49bb3c6f3490dc61c0b953e8a3cc20b1\">(un clin d&rsquo;\u0153il \u00e0 nos amis australiens qui en ont r\u00e9cemment d\u00e9battu<\/a>!<\/em>), ne laissez pas cela vous emp\u00eacher d&rsquo;essayer le produit dans votre propre cuisine pour voir jusqu&rsquo;o\u00f9 vous pouvez l&#8217;emmener ! Croyez-nous, ce<strong>n&rsquo;est pas une<\/strong> p\u00e2tisserie comme les autres !  <\/p>&#13;\n&#13;\n<h3 id=\"h-you-don-t-have-to-be-vanilla\" class=\"has-vivid-red-color has-text-color wp-block-heading\">Vous n&rsquo;\u00eates pas oblig\u00e9 d&rsquo;\u00eatre \u00ab\u00a0vanille\u00a0\u00bb<\/h3>&#13;\n&#13;\n<p>Ce n&rsquo;est pas parce que la cr\u00e8me est \u00e0 la vanille qu&rsquo;elle doit rester ainsi ! BakeMark offre \u00e9galement une grande gamme de saveurs Westco comme la fraise, la noix de coco, l&rsquo;orange et plus encore ! Imaginez la tarte estivale parfaite faite avec la garniture \u00e0 la cr\u00e8me Snot Block de Westco, rehauss\u00e9e de saveurs de cerise ou d&rsquo;ananas ! Elle aura le go\u00fbt d&rsquo;un petit morceau d&rsquo;\u00e9t\u00e9 !   <\/p>&#13;\n&#13;\n<p>Avec l&rsquo;automne qui approche, notre saveur Westco Almond est parfaite pour cr\u00e9er des beignets fourr\u00e9s, des desserts, des tartes et plus encore ! C&rsquo;est un peu clich\u00e9 de dire cela, mais les possibilit\u00e9s sont presque infinies ! <\/p>&#13;\n&#13;\n<h3 id=\"h-as-always-don-t-sacrifice-quality\" class=\"has-vivid-red-color has-text-color wp-block-heading\">Comme toujours, ne sacrifiez pas la qualit\u00e9<\/h3>&#13;\n&#13;\n<p>Vous savez que BakeMark fournit des produits polyvalents de haute qualit\u00e9, et notre garniture \u00e0 la cr\u00e8me pour blocs de morve Westco et nos ar\u00f4mes de premi\u00e8re qualit\u00e9 ne font pas exception \u00e0 la r\u00e8gle. Nous sommes fiers de la qualit\u00e9 et de la polyvalence de nos produits et nous voulons vous voir r\u00e9ussir ! N&rsquo;h\u00e9sitez pas \u00e0 contacter votre repr\u00e9sentant d\u00e8s aujourd&rsquo;hui pour d\u00e9couvrir comment ces deux produits peuvent vous d\u00e9marquer de la concurrence et vous permettre de conna\u00eetre le succ\u00e8s pour le reste de l&rsquo;ann\u00e9e 2021 et au-del\u00e0.  <\/p>&#13;\n\r\n<div class=\"wp-block-spacer\" style=\"height: 50px;\" aria-hidden=\"true\">\u00a0<\/div>\r\n","protected":false},"excerpt":{"rendered":"<p>&#13; Parfois, les gens consid\u00e8rent la vanille comme une mauvaise chose&#8230; mais en r\u00e9alit\u00e9, la vanille est plut\u00f4t \u00e9tonnante ! Combien d&rsquo;autres saveurs pouvez-vous imaginer qui se marient avec \u00e0 peu pr\u00e8s n&rsquo;importe quoi, ou qui peuvent m\u00eame \u00eatre transform\u00e9es en quelque chose d&rsquo;autre ? Il n&rsquo;y en a pas beaucoup ! En parlant de&hellip;<\/p>\n","protected":false},"author":3,"featured_media":4280,"comment_status":"closed","ping_status":"closed","sticky":false,"template":"","format":"standard","meta":{"_acf_changed":false,"content-type":"","footnotes":""},"categories":[240],"tags":[226,364,377],"post_series":[],"class_list":["post-5452","post","type-post","status-publish","format-standard","has-post-thumbnail","hentry","category-vendez-vos-bonbons","tag-boulangerie","tag-obturations","tag-vanille","entry","has-media"],"acf":[],"yoast_head":"<!-- This site is optimized with the Yoast SEO plugin v27.4 - https:\/\/yoast.com\/product\/yoast-seo-wordpress\/ -->\n<title>La marque du boulanger - La vanille est polyvalente !<\/title>\n<meta name=\"description\" content=\"On dit parfois que la vanille est une mauvaise chose... mais en r\u00e9alit\u00e9, elle est plut\u00f4t \u00e9tonnante ! La vanille se marie avec \u00e0 peu pr\u00e8s tout\" \/>\n<meta name=\"robots\" content=\"index, follow, max-snippet:-1, max-image-preview:large, max-video-preview:-1\" \/>\n<link rel=\"canonical\" href=\"https:\/\/bakemark.com\/fr\/la-vanille-est-polyvalente\/\" \/>\n<meta property=\"og:locale\" content=\"fr_FR\" \/>\n<meta property=\"og:type\" content=\"article\" \/>\n<meta property=\"og:title\" content=\"La marque du boulanger - La vanille est polyvalente !\" \/>\n<meta property=\"og:description\" content=\"On dit parfois que la vanille est une mauvaise chose... mais en r\u00e9alit\u00e9, elle est plut\u00f4t \u00e9tonnante ! La vanille se marie avec \u00e0 peu pr\u00e8s tout\" \/>\n<meta property=\"og:url\" content=\"https:\/\/bakemark.com\/fr\/la-vanille-est-polyvalente\/\" \/>\n<meta property=\"og:site_name\" content=\"BakeMark\" \/>\n<meta property=\"article:published_time\" content=\"2021-08-19T02:16:18+00:00\" \/>\n<meta property=\"article:modified_time\" content=\"2025-02-04T20:56:46+00:00\" \/>\n<meta property=\"og:image\" content=\"https:\/\/bakemark.com\/wp-content\/uploads\/2024\/08\/Untitled-design-30-1.png\" \/>\n\t<meta property=\"og:image:width\" content=\"2048\" \/>\n\t<meta property=\"og:image:height\" content=\"1090\" \/>\n\t<meta property=\"og:image:type\" content=\"image\/png\" \/>\n<meta name=\"author\" content=\"Clay Johnston\" \/>\n<meta name=\"twitter:card\" content=\"summary_large_image\" \/>\n<meta name=\"twitter:label1\" content=\"Written by\" \/>\n\t<meta name=\"twitter:data1\" content=\"Clay Johnston\" \/>\n\t<meta name=\"twitter:label2\" content=\"Est. reading time\" \/>\n\t<meta name=\"twitter:data2\" content=\"2 minutes\" \/>\n<script type=\"application\/ld+json\" class=\"yoast-schema-graph\">{\"@context\":\"https:\\\/\\\/schema.org\",\"@graph\":[{\"@type\":\"Article\",\"@id\":\"https:\\\/\\\/bakemark.com\\\/fr\\\/la-vanille-est-polyvalente\\\/#article\",\"isPartOf\":{\"@id\":\"https:\\\/\\\/bakemark.com\\\/fr\\\/la-vanille-est-polyvalente\\\/\"},\"author\":{\"name\":\"Clay Johnston\",\"@id\":\"https:\\\/\\\/bakemark.com\\\/fr\\\/#\\\/schema\\\/person\\\/371846d4b7748680ef78cfa4ab07c3f9\"},\"headline\":\"La vanille est polyvalente\",\"datePublished\":\"2021-08-19T02:16:18+00:00\",\"dateModified\":\"2025-02-04T20:56:46+00:00\",\"mainEntityOfPage\":{\"@id\":\"https:\\\/\\\/bakemark.com\\\/fr\\\/la-vanille-est-polyvalente\\\/\"},\"wordCount\":520,\"publisher\":{\"@id\":\"https:\\\/\\\/bakemark.com\\\/fr\\\/#organization\"},\"image\":{\"@id\":\"https:\\\/\\\/bakemark.com\\\/fr\\\/la-vanille-est-polyvalente\\\/#primaryimage\"},\"thumbnailUrl\":\"https:\\\/\\\/bakemark.com\\\/wp-content\\\/uploads\\\/2024\\\/08\\\/Untitled-design-30-1.png\",\"keywords\":[\"Boulangerie\",\"obturations\",\"vanille\"],\"articleSection\":[\"Vendez vos bonbons !\"],\"inLanguage\":\"fr-FR\"},{\"@type\":\"WebPage\",\"@id\":\"https:\\\/\\\/bakemark.com\\\/fr\\\/la-vanille-est-polyvalente\\\/\",\"url\":\"https:\\\/\\\/bakemark.com\\\/fr\\\/la-vanille-est-polyvalente\\\/\",\"name\":\"La marque du boulanger - La vanille est polyvalente !\",\"isPartOf\":{\"@id\":\"https:\\\/\\\/bakemark.com\\\/fr\\\/#website\"},\"primaryImageOfPage\":{\"@id\":\"https:\\\/\\\/bakemark.com\\\/fr\\\/la-vanille-est-polyvalente\\\/#primaryimage\"},\"image\":{\"@id\":\"https:\\\/\\\/bakemark.com\\\/fr\\\/la-vanille-est-polyvalente\\\/#primaryimage\"},\"thumbnailUrl\":\"https:\\\/\\\/bakemark.com\\\/wp-content\\\/uploads\\\/2024\\\/08\\\/Untitled-design-30-1.png\",\"datePublished\":\"2021-08-19T02:16:18+00:00\",\"dateModified\":\"2025-02-04T20:56:46+00:00\",\"description\":\"On dit parfois que la vanille est une mauvaise chose... mais en r\u00e9alit\u00e9, elle est plut\u00f4t \u00e9tonnante ! La vanille se marie avec \u00e0 peu pr\u00e8s tout\",\"breadcrumb\":{\"@id\":\"https:\\\/\\\/bakemark.com\\\/fr\\\/la-vanille-est-polyvalente\\\/#breadcrumb\"},\"inLanguage\":\"fr-FR\",\"potentialAction\":[{\"@type\":\"ReadAction\",\"target\":[\"https:\\\/\\\/bakemark.com\\\/fr\\\/la-vanille-est-polyvalente\\\/\"]}]},{\"@type\":\"ImageObject\",\"inLanguage\":\"fr-FR\",\"@id\":\"https:\\\/\\\/bakemark.com\\\/fr\\\/la-vanille-est-polyvalente\\\/#primaryimage\",\"url\":\"https:\\\/\\\/bakemark.com\\\/wp-content\\\/uploads\\\/2024\\\/08\\\/Untitled-design-30-1.png\",\"contentUrl\":\"https:\\\/\\\/bakemark.com\\\/wp-content\\\/uploads\\\/2024\\\/08\\\/Untitled-design-30-1.png\",\"width\":2048,\"height\":1090},{\"@type\":\"BreadcrumbList\",\"@id\":\"https:\\\/\\\/bakemark.com\\\/fr\\\/la-vanille-est-polyvalente\\\/#breadcrumb\",\"itemListElement\":[{\"@type\":\"ListItem\",\"position\":1,\"name\":\"Home\",\"item\":\"https:\\\/\\\/bakemark.com\\\/fr\\\/\"},{\"@type\":\"ListItem\",\"position\":2,\"name\":\"La vanille est polyvalente\"}]},{\"@type\":\"WebSite\",\"@id\":\"https:\\\/\\\/bakemark.com\\\/fr\\\/#website\",\"url\":\"https:\\\/\\\/bakemark.com\\\/fr\\\/\",\"name\":\"BakeMark\",\"description\":\"\",\"publisher\":{\"@id\":\"https:\\\/\\\/bakemark.com\\\/fr\\\/#organization\"},\"potentialAction\":[{\"@type\":\"SearchAction\",\"target\":{\"@type\":\"EntryPoint\",\"urlTemplate\":\"https:\\\/\\\/bakemark.com\\\/fr\\\/?s={search_term_string}\"},\"query-input\":{\"@type\":\"PropertyValueSpecification\",\"valueRequired\":true,\"valueName\":\"search_term_string\"}}],\"inLanguage\":\"fr-FR\"},{\"@type\":\"Organization\",\"@id\":\"https:\\\/\\\/bakemark.com\\\/fr\\\/#organization\",\"name\":\"BakeMark\",\"url\":\"https:\\\/\\\/bakemark.com\\\/fr\\\/\",\"logo\":{\"@type\":\"ImageObject\",\"inLanguage\":\"fr-FR\",\"@id\":\"https:\\\/\\\/bakemark.com\\\/fr\\\/#\\\/schema\\\/logo\\\/image\\\/\",\"url\":\"https:\\\/\\\/bakemark.com\\\/wp-content\\\/uploads\\\/2024\\\/07\\\/bakemark-logo-wht.svg\",\"contentUrl\":\"https:\\\/\\\/bakemark.com\\\/wp-content\\\/uploads\\\/2024\\\/07\\\/bakemark-logo-wht.svg\",\"width\":233,\"height\":58,\"caption\":\"BakeMark\"},\"image\":{\"@id\":\"https:\\\/\\\/bakemark.com\\\/fr\\\/#\\\/schema\\\/logo\\\/image\\\/\"}},{\"@type\":\"Person\",\"@id\":\"https:\\\/\\\/bakemark.com\\\/fr\\\/#\\\/schema\\\/person\\\/371846d4b7748680ef78cfa4ab07c3f9\",\"name\":\"Clay Johnston\",\"image\":{\"@type\":\"ImageObject\",\"inLanguage\":\"fr-FR\",\"@id\":\"https:\\\/\\\/secure.gravatar.com\\\/avatar\\\/a3d093da1d34688ed5ec2ae18ebe0d2998f560558747603878a36a7260326fca?s=96&d=mm&r=g\",\"url\":\"https:\\\/\\\/secure.gravatar.com\\\/avatar\\\/a3d093da1d34688ed5ec2ae18ebe0d2998f560558747603878a36a7260326fca?s=96&d=mm&r=g\",\"contentUrl\":\"https:\\\/\\\/secure.gravatar.com\\\/avatar\\\/a3d093da1d34688ed5ec2ae18ebe0d2998f560558747603878a36a7260326fca?s=96&d=mm&r=g\",\"caption\":\"Clay Johnston\"},\"url\":\"https:\\\/\\\/bakemark.com\\\/fr\\\/author\\\/clay\\\/\"}]}<\/script>\n<!-- \/ Yoast SEO plugin. -->","yoast_head_json":{"title":"La marque du boulanger - La vanille est polyvalente !","description":"On dit parfois que la vanille est une mauvaise chose... mais en r\u00e9alit\u00e9, elle est plut\u00f4t \u00e9tonnante ! La vanille se marie avec \u00e0 peu pr\u00e8s tout","robots":{"index":"index","follow":"follow","max-snippet":"max-snippet:-1","max-image-preview":"max-image-preview:large","max-video-preview":"max-video-preview:-1"},"canonical":"https:\/\/bakemark.com\/fr\/la-vanille-est-polyvalente\/","og_locale":"fr_FR","og_type":"article","og_title":"La marque du boulanger - La vanille est polyvalente !","og_description":"On dit parfois que la vanille est une mauvaise chose... mais en r\u00e9alit\u00e9, elle est plut\u00f4t \u00e9tonnante ! La vanille se marie avec \u00e0 peu pr\u00e8s tout","og_url":"https:\/\/bakemark.com\/fr\/la-vanille-est-polyvalente\/","og_site_name":"BakeMark","article_published_time":"2021-08-19T02:16:18+00:00","article_modified_time":"2025-02-04T20:56:46+00:00","og_image":[{"width":2048,"height":1090,"url":"https:\/\/bakemark.com\/wp-content\/uploads\/2024\/08\/Untitled-design-30-1.png","type":"image\/png"}],"author":"Clay Johnston","twitter_card":"summary_large_image","twitter_misc":{"Written by":"Clay Johnston","Est. reading time":"2 minutes"},"schema":{"@context":"https:\/\/schema.org","@graph":[{"@type":"Article","@id":"https:\/\/bakemark.com\/fr\/la-vanille-est-polyvalente\/#article","isPartOf":{"@id":"https:\/\/bakemark.com\/fr\/la-vanille-est-polyvalente\/"},"author":{"name":"Clay Johnston","@id":"https:\/\/bakemark.com\/fr\/#\/schema\/person\/371846d4b7748680ef78cfa4ab07c3f9"},"headline":"La vanille est polyvalente","datePublished":"2021-08-19T02:16:18+00:00","dateModified":"2025-02-04T20:56:46+00:00","mainEntityOfPage":{"@id":"https:\/\/bakemark.com\/fr\/la-vanille-est-polyvalente\/"},"wordCount":520,"publisher":{"@id":"https:\/\/bakemark.com\/fr\/#organization"},"image":{"@id":"https:\/\/bakemark.com\/fr\/la-vanille-est-polyvalente\/#primaryimage"},"thumbnailUrl":"https:\/\/bakemark.com\/wp-content\/uploads\/2024\/08\/Untitled-design-30-1.png","keywords":["Boulangerie","obturations","vanille"],"articleSection":["Vendez vos bonbons !"],"inLanguage":"fr-FR"},{"@type":"WebPage","@id":"https:\/\/bakemark.com\/fr\/la-vanille-est-polyvalente\/","url":"https:\/\/bakemark.com\/fr\/la-vanille-est-polyvalente\/","name":"La marque du boulanger - La vanille est polyvalente !","isPartOf":{"@id":"https:\/\/bakemark.com\/fr\/#website"},"primaryImageOfPage":{"@id":"https:\/\/bakemark.com\/fr\/la-vanille-est-polyvalente\/#primaryimage"},"image":{"@id":"https:\/\/bakemark.com\/fr\/la-vanille-est-polyvalente\/#primaryimage"},"thumbnailUrl":"https:\/\/bakemark.com\/wp-content\/uploads\/2024\/08\/Untitled-design-30-1.png","datePublished":"2021-08-19T02:16:18+00:00","dateModified":"2025-02-04T20:56:46+00:00","description":"On dit parfois que la vanille est une mauvaise chose... mais en r\u00e9alit\u00e9, elle est plut\u00f4t \u00e9tonnante ! La vanille se marie avec \u00e0 peu pr\u00e8s tout","breadcrumb":{"@id":"https:\/\/bakemark.com\/fr\/la-vanille-est-polyvalente\/#breadcrumb"},"inLanguage":"fr-FR","potentialAction":[{"@type":"ReadAction","target":["https:\/\/bakemark.com\/fr\/la-vanille-est-polyvalente\/"]}]},{"@type":"ImageObject","inLanguage":"fr-FR","@id":"https:\/\/bakemark.com\/fr\/la-vanille-est-polyvalente\/#primaryimage","url":"https:\/\/bakemark.com\/wp-content\/uploads\/2024\/08\/Untitled-design-30-1.png","contentUrl":"https:\/\/bakemark.com\/wp-content\/uploads\/2024\/08\/Untitled-design-30-1.png","width":2048,"height":1090},{"@type":"BreadcrumbList","@id":"https:\/\/bakemark.com\/fr\/la-vanille-est-polyvalente\/#breadcrumb","itemListElement":[{"@type":"ListItem","position":1,"name":"Home","item":"https:\/\/bakemark.com\/fr\/"},{"@type":"ListItem","position":2,"name":"La vanille est polyvalente"}]},{"@type":"WebSite","@id":"https:\/\/bakemark.com\/fr\/#website","url":"https:\/\/bakemark.com\/fr\/","name":"BakeMark","description":"","publisher":{"@id":"https:\/\/bakemark.com\/fr\/#organization"},"potentialAction":[{"@type":"SearchAction","target":{"@type":"EntryPoint","urlTemplate":"https:\/\/bakemark.com\/fr\/?s={search_term_string}"},"query-input":{"@type":"PropertyValueSpecification","valueRequired":true,"valueName":"search_term_string"}}],"inLanguage":"fr-FR"},{"@type":"Organization","@id":"https:\/\/bakemark.com\/fr\/#organization","name":"BakeMark","url":"https:\/\/bakemark.com\/fr\/","logo":{"@type":"ImageObject","inLanguage":"fr-FR","@id":"https:\/\/bakemark.com\/fr\/#\/schema\/logo\/image\/","url":"https:\/\/bakemark.com\/wp-content\/uploads\/2024\/07\/bakemark-logo-wht.svg","contentUrl":"https:\/\/bakemark.com\/wp-content\/uploads\/2024\/07\/bakemark-logo-wht.svg","width":233,"height":58,"caption":"BakeMark"},"image":{"@id":"https:\/\/bakemark.com\/fr\/#\/schema\/logo\/image\/"}},{"@type":"Person","@id":"https:\/\/bakemark.com\/fr\/#\/schema\/person\/371846d4b7748680ef78cfa4ab07c3f9","name":"Clay Johnston","image":{"@type":"ImageObject","inLanguage":"fr-FR","@id":"https:\/\/secure.gravatar.com\/avatar\/a3d093da1d34688ed5ec2ae18ebe0d2998f560558747603878a36a7260326fca?s=96&d=mm&r=g","url":"https:\/\/secure.gravatar.com\/avatar\/a3d093da1d34688ed5ec2ae18ebe0d2998f560558747603878a36a7260326fca?s=96&d=mm&r=g","contentUrl":"https:\/\/secure.gravatar.com\/avatar\/a3d093da1d34688ed5ec2ae18ebe0d2998f560558747603878a36a7260326fca?s=96&d=mm&r=g","caption":"Clay Johnston"},"url":"https:\/\/bakemark.com\/fr\/author\/clay\/"}]}},"_links":{"self":[{"href":"https:\/\/bakemark.com\/fr\/wp-json\/wp\/v2\/posts\/5452","targetHints":{"allow":["GET"]}}],"collection":[{"href":"https:\/\/bakemark.com\/fr\/wp-json\/wp\/v2\/posts"}],"about":[{"href":"https:\/\/bakemark.com\/fr\/wp-json\/wp\/v2\/types\/post"}],"author":[{"embeddable":true,"href":"https:\/\/bakemark.com\/fr\/wp-json\/wp\/v2\/users\/3"}],"replies":[{"embeddable":true,"href":"https:\/\/bakemark.com\/fr\/wp-json\/wp\/v2\/comments?post=5452"}],"version-history":[{"count":0,"href":"https:\/\/bakemark.com\/fr\/wp-json\/wp\/v2\/posts\/5452\/revisions"}],"wp:featuredmedia":[{"embeddable":true,"href":"https:\/\/bakemark.com\/fr\/wp-json\/wp\/v2\/media\/4280"}],"wp:attachment":[{"href":"https:\/\/bakemark.com\/fr\/wp-json\/wp\/v2\/media?parent=5452"}],"wp:term":[{"taxonomy":"category","embeddable":true,"href":"https:\/\/bakemark.com\/fr\/wp-json\/wp\/v2\/categories?post=5452"},{"taxonomy":"post_tag","embeddable":true,"href":"https:\/\/bakemark.com\/fr\/wp-json\/wp\/v2\/tags?post=5452"},{"taxonomy":"post_series","embeddable":true,"href":"https:\/\/bakemark.com\/fr\/wp-json\/wp\/v2\/post_series?post=5452"}],"curies":[{"name":"wp","href":"https:\/\/api.w.org\/{rel}","templated":true}]}}