{"id":5436,"date":"2021-09-22T12:00:00","date_gmt":"2021-09-22T17:00:00","guid":{"rendered":"https:\/\/bakemark.com\/lautomne-cest-la-couleur\/"},"modified":"2025-02-04T14:56:39","modified_gmt":"2025-02-04T20:56:39","slug":"lautomne-cest-la-couleur","status":"publish","type":"post","link":"https:\/\/bakemark.com\/fr\/lautomne-cest-la-couleur\/","title":{"rendered":"L&rsquo;automne, c&rsquo;est la couleur !"},"content":{"rendered":"&#13;\n<p>L&rsquo;arriv\u00e9e de l&rsquo;automne apporte beaucoup de choses : des temp\u00e9ratures plus fra\u00eeches, des \u00e9pices de citrouille et des couleurs vibrantes partout o\u00f9 vous regardez ! Pourquoi la s\u00e9lection de biscuits d&rsquo;automne de votre boulangerie devrait-elle \u00eatre diff\u00e9rente des arbres \u00e0 l&rsquo;ext\u00e9rieur ? <\/p>&#13;\n&#13;\n<h3 id=\"h-thanksgiving-more-than-turkey\" class=\"has-vivid-red-color has-text-color wp-block-heading\">Ajoutez du piquant avec Sprinkelina<\/h3>&#13;\n&#13;\n<p>Vous ne le saviez peut-\u00eatre pas, mais BakeMark ne se limite pas \u00e0 des pr\u00e9parations pour p\u00e2tisseries, des garnitures et des gla\u00e7ages de qualit\u00e9 sup\u00e9rieure. Nous proposons \u00e9galement tout ce dont vous avez besoin pour terminer ces d\u00e9licieux produits de boulangerie de mani\u00e8re festive ! Notre gamme compl\u00e8te de saupoudrages et de garnitures Sprinkelina aidera toute boulangerie \u00e0 insuffler une vie automnale color\u00e9e \u00e0 ses vitrines de biscuits.<\/p>&#13;\n&#13;\n<h3 id=\"h-thanksgiving-more-than-turkey\" class=\"has-vivid-red-color has-text-color wp-block-heading\">Fun &amp; Festive<\/h3>&#13;\n&#13;\n<p>Avec la gamme de Sprinkelina d&rsquo;Halloween et d&rsquo;automne amusante et festive de BakeMark, vous n&rsquo;avez pas besoin de chercher ailleurs pour obtenir exactement ce que vous cherchez cette saison. Vous cherchez une couleur simple ? Nous avons des saupoudrages rouges, orange, jaunes, noirs, violets et au chocolat noir parfaits pour c\u00e9l\u00e9brer l&rsquo;automne et l&rsquo;Halloween.  <\/p>&#13;\n&#13;\n<p>Si vous recherchez quelque chose d&rsquo;un peu plus fantaisiste, nous proposons plusieurs m\u00e9langes comme le m\u00e9lange d&rsquo;automne et le m\u00e9lange d&rsquo;Halloween, tous deux compos\u00e9s de couleurs comme l&rsquo;orange, le jaune, le noir et le marron. En outre, nous proposons \u00e9galement un m\u00e9lange \u00ab\u00a0effrayant\u00a0\u00bb, parfait pour Halloween, avec des couleurs orange, violette, noire et blanche. Les nonpareils sont tr\u00e8s appr\u00e9ci\u00e9s et nous proposons \u00e9galement un m\u00e9lange d&rsquo;automne en jaune, orange et marron.  <\/p>&#13;\n&#13;\n<h3 id=\"h-thanksgiving-more-than-turkey\" class=\"has-vivid-red-color has-text-color wp-block-heading\">M\u00e9langes de confettis et plus d&rsquo;\u00e9clat !<\/h3>&#13;\n&#13;\n<p>La gamme ne s&rsquo;arr\u00eate pas l\u00e0 ! Nous proposons 4 couleurs diff\u00e9rentes de perles scintillantes pour ravir ceux qui aiment l&rsquo;\u00e9clat et la brillance &#8211; elles sont disponibles en rouge, orange, jaune et violet ! Ces perles peuvent \u00eatre utilis\u00e9es pendant l&rsquo;automne et m\u00eame \u00e0 No\u00ebl et au-del\u00e0, pensez \u00e0 toutes les utilisations possibles !  <\/p>&#13;\n&#13;\n<p>En parlant d&rsquo;\u00e9clat et de brillance, BakeMark est \u00e9galement fier de fournir des gla\u00e7ages paillet\u00e9s qui sont parfaits pour les biscuits en cette saison d&rsquo;automne. Ces gla\u00e7ages sont disponibles dans de superbes couleurs d&rsquo;automne comme le jaune mangue, l&rsquo;orange abricot et le vert citron. <\/p>&#13;\n&#13;\n<p>Enfin, nos nouveaux m\u00e9langes de confettis ne manqueront pas d&rsquo;\u00eatre appr\u00e9ci\u00e9s dans toutes les p\u00e2tisseries cette saison. Notre m\u00e9lange de confettis d&rsquo;automne, notre m\u00e9lange de confettis Candy Corn et notre m\u00e9lange Wizardly sont tous parfaits pour la saison et donneront \u00e0 vos biscuits la bonne touche automnale ! <\/p>&#13;\n&#13;\n<p>Ne manquez pas toutes ces options de qualit\u00e9 de BakeMark pour rendre votre saison d&rsquo;automne encore meilleure ! Contactez votre repr\u00e9sentant d\u00e8s aujourd&rsquo;hui pour discuter de vos options. <\/p>&#13;\n\r\n<div class=\"wp-block-spacer\" style=\"height: 50px;\" aria-hidden=\"true\">\u00a0<\/div>\r\n","protected":false},"excerpt":{"rendered":"<p>&#13; L&rsquo;arriv\u00e9e de l&rsquo;automne apporte beaucoup de choses : des temp\u00e9ratures plus fra\u00eeches, des \u00e9pices de citrouille et des couleurs vibrantes partout o\u00f9 vous regardez ! Pourquoi la s\u00e9lection de biscuits d&rsquo;automne de votre boulangerie devrait-elle \u00eatre diff\u00e9rente des arbres \u00e0 l&rsquo;ext\u00e9rieur ? &#13; &#13; Ajoutez du piquant avec Sprinkelina &#13; &#13; Vous ne le&hellip;<\/p>\n","protected":false},"author":3,"featured_media":4288,"comment_status":"closed","ping_status":"closed","sticky":false,"template":"","format":"standard","meta":{"_acf_changed":false,"content-type":"","footnotes":""},"categories":[240],"tags":[226,358,276],"post_series":[],"class_list":["post-5436","post","type-post","status-publish","format-standard","has-post-thumbnail","hentry","category-vendez-vos-bonbons","tag-boulangerie","tag-lautomne","tag-saupoudrage","entry","has-media"],"acf":[],"yoast_head":"<!-- This site is optimized with the Yoast SEO plugin v27.4 - https:\/\/yoast.com\/product\/yoast-seo-wordpress\/ -->\n<title>The Baker&#039;s Mark - L&#039;automne, c&#039;est la couleur !<\/title>\n<meta name=\"description\" content=\"Pourquoi la s\u00e9lection de biscuits d&#039;automne de votre boulangerie devrait-elle \u00eatre diff\u00e9rente des arbres \u00e0 l&#039;ext\u00e9rieur ? Egayez votre boulangerie avec les saupoudrages d&#039;automne !\" \/>\n<meta name=\"robots\" content=\"index, follow, max-snippet:-1, max-image-preview:large, max-video-preview:-1\" \/>\n<link rel=\"canonical\" href=\"https:\/\/bakemark.com\/fr\/lautomne-cest-la-couleur\/\" \/>\n<meta property=\"og:locale\" content=\"fr_FR\" \/>\n<meta property=\"og:type\" content=\"article\" \/>\n<meta property=\"og:title\" content=\"The Baker&#039;s Mark - L&#039;automne, c&#039;est la couleur !\" \/>\n<meta property=\"og:description\" content=\"Pourquoi la s\u00e9lection de biscuits d&#039;automne de votre boulangerie devrait-elle \u00eatre diff\u00e9rente des arbres \u00e0 l&#039;ext\u00e9rieur ? Egayez votre boulangerie avec les saupoudrages d&#039;automne !\" \/>\n<meta property=\"og:url\" content=\"https:\/\/bakemark.com\/fr\/lautomne-cest-la-couleur\/\" \/>\n<meta property=\"og:site_name\" content=\"BakeMark\" \/>\n<meta property=\"article:published_time\" content=\"2021-09-22T17:00:00+00:00\" \/>\n<meta property=\"article:modified_time\" content=\"2025-02-04T20:56:39+00:00\" \/>\n<meta property=\"og:image\" content=\"https:\/\/bakemark.com\/wp-content\/uploads\/2024\/08\/Untitled-design-4.png\" \/>\n\t<meta property=\"og:image:width\" content=\"1400\" \/>\n\t<meta property=\"og:image:height\" content=\"700\" \/>\n\t<meta property=\"og:image:type\" content=\"image\/png\" \/>\n<meta name=\"author\" content=\"Clay Johnston\" \/>\n<meta name=\"twitter:card\" content=\"summary_large_image\" \/>\n<meta name=\"twitter:label1\" content=\"Written by\" \/>\n\t<meta name=\"twitter:data1\" content=\"Clay Johnston\" \/>\n\t<meta name=\"twitter:label2\" content=\"Est. reading time\" \/>\n\t<meta name=\"twitter:data2\" content=\"2 minutes\" \/>\n<script type=\"application\/ld+json\" class=\"yoast-schema-graph\">{\"@context\":\"https:\\\/\\\/schema.org\",\"@graph\":[{\"@type\":\"Article\",\"@id\":\"https:\\\/\\\/bakemark.com\\\/fr\\\/lautomne-cest-la-couleur\\\/#article\",\"isPartOf\":{\"@id\":\"https:\\\/\\\/bakemark.com\\\/fr\\\/lautomne-cest-la-couleur\\\/\"},\"author\":{\"name\":\"Clay Johnston\",\"@id\":\"https:\\\/\\\/bakemark.com\\\/fr\\\/#\\\/schema\\\/person\\\/371846d4b7748680ef78cfa4ab07c3f9\"},\"headline\":\"L&rsquo;automne, c&rsquo;est la couleur !\",\"datePublished\":\"2021-09-22T17:00:00+00:00\",\"dateModified\":\"2025-02-04T20:56:39+00:00\",\"mainEntityOfPage\":{\"@id\":\"https:\\\/\\\/bakemark.com\\\/fr\\\/lautomne-cest-la-couleur\\\/\"},\"wordCount\":482,\"publisher\":{\"@id\":\"https:\\\/\\\/bakemark.com\\\/fr\\\/#organization\"},\"image\":{\"@id\":\"https:\\\/\\\/bakemark.com\\\/fr\\\/lautomne-cest-la-couleur\\\/#primaryimage\"},\"thumbnailUrl\":\"https:\\\/\\\/bakemark.com\\\/wp-content\\\/uploads\\\/2024\\\/08\\\/Untitled-design-4.png\",\"keywords\":[\"Boulangerie\",\"L'automne\",\"Saupoudrage\"],\"articleSection\":[\"Vendez vos bonbons !\"],\"inLanguage\":\"fr-FR\"},{\"@type\":\"WebPage\",\"@id\":\"https:\\\/\\\/bakemark.com\\\/fr\\\/lautomne-cest-la-couleur\\\/\",\"url\":\"https:\\\/\\\/bakemark.com\\\/fr\\\/lautomne-cest-la-couleur\\\/\",\"name\":\"The Baker's Mark - L'automne, c'est la couleur !\",\"isPartOf\":{\"@id\":\"https:\\\/\\\/bakemark.com\\\/fr\\\/#website\"},\"primaryImageOfPage\":{\"@id\":\"https:\\\/\\\/bakemark.com\\\/fr\\\/lautomne-cest-la-couleur\\\/#primaryimage\"},\"image\":{\"@id\":\"https:\\\/\\\/bakemark.com\\\/fr\\\/lautomne-cest-la-couleur\\\/#primaryimage\"},\"thumbnailUrl\":\"https:\\\/\\\/bakemark.com\\\/wp-content\\\/uploads\\\/2024\\\/08\\\/Untitled-design-4.png\",\"datePublished\":\"2021-09-22T17:00:00+00:00\",\"dateModified\":\"2025-02-04T20:56:39+00:00\",\"description\":\"Pourquoi la s\u00e9lection de biscuits d'automne de votre boulangerie devrait-elle \u00eatre diff\u00e9rente des arbres \u00e0 l'ext\u00e9rieur ? Egayez votre boulangerie avec les saupoudrages d'automne !\",\"breadcrumb\":{\"@id\":\"https:\\\/\\\/bakemark.com\\\/fr\\\/lautomne-cest-la-couleur\\\/#breadcrumb\"},\"inLanguage\":\"fr-FR\",\"potentialAction\":[{\"@type\":\"ReadAction\",\"target\":[\"https:\\\/\\\/bakemark.com\\\/fr\\\/lautomne-cest-la-couleur\\\/\"]}]},{\"@type\":\"ImageObject\",\"inLanguage\":\"fr-FR\",\"@id\":\"https:\\\/\\\/bakemark.com\\\/fr\\\/lautomne-cest-la-couleur\\\/#primaryimage\",\"url\":\"https:\\\/\\\/bakemark.com\\\/wp-content\\\/uploads\\\/2024\\\/08\\\/Untitled-design-4.png\",\"contentUrl\":\"https:\\\/\\\/bakemark.com\\\/wp-content\\\/uploads\\\/2024\\\/08\\\/Untitled-design-4.png\",\"width\":1400,\"height\":700},{\"@type\":\"BreadcrumbList\",\"@id\":\"https:\\\/\\\/bakemark.com\\\/fr\\\/lautomne-cest-la-couleur\\\/#breadcrumb\",\"itemListElement\":[{\"@type\":\"ListItem\",\"position\":1,\"name\":\"Home\",\"item\":\"https:\\\/\\\/bakemark.com\\\/fr\\\/\"},{\"@type\":\"ListItem\",\"position\":2,\"name\":\"L&#8217;automne, c&#8217;est la couleur !\"}]},{\"@type\":\"WebSite\",\"@id\":\"https:\\\/\\\/bakemark.com\\\/fr\\\/#website\",\"url\":\"https:\\\/\\\/bakemark.com\\\/fr\\\/\",\"name\":\"BakeMark\",\"description\":\"\",\"publisher\":{\"@id\":\"https:\\\/\\\/bakemark.com\\\/fr\\\/#organization\"},\"potentialAction\":[{\"@type\":\"SearchAction\",\"target\":{\"@type\":\"EntryPoint\",\"urlTemplate\":\"https:\\\/\\\/bakemark.com\\\/fr\\\/?s={search_term_string}\"},\"query-input\":{\"@type\":\"PropertyValueSpecification\",\"valueRequired\":true,\"valueName\":\"search_term_string\"}}],\"inLanguage\":\"fr-FR\"},{\"@type\":\"Organization\",\"@id\":\"https:\\\/\\\/bakemark.com\\\/fr\\\/#organization\",\"name\":\"BakeMark\",\"url\":\"https:\\\/\\\/bakemark.com\\\/fr\\\/\",\"logo\":{\"@type\":\"ImageObject\",\"inLanguage\":\"fr-FR\",\"@id\":\"https:\\\/\\\/bakemark.com\\\/fr\\\/#\\\/schema\\\/logo\\\/image\\\/\",\"url\":\"https:\\\/\\\/bakemark.com\\\/wp-content\\\/uploads\\\/2024\\\/07\\\/bakemark-logo-wht.svg\",\"contentUrl\":\"https:\\\/\\\/bakemark.com\\\/wp-content\\\/uploads\\\/2024\\\/07\\\/bakemark-logo-wht.svg\",\"width\":233,\"height\":58,\"caption\":\"BakeMark\"},\"image\":{\"@id\":\"https:\\\/\\\/bakemark.com\\\/fr\\\/#\\\/schema\\\/logo\\\/image\\\/\"}},{\"@type\":\"Person\",\"@id\":\"https:\\\/\\\/bakemark.com\\\/fr\\\/#\\\/schema\\\/person\\\/371846d4b7748680ef78cfa4ab07c3f9\",\"name\":\"Clay Johnston\",\"image\":{\"@type\":\"ImageObject\",\"inLanguage\":\"fr-FR\",\"@id\":\"https:\\\/\\\/secure.gravatar.com\\\/avatar\\\/a3d093da1d34688ed5ec2ae18ebe0d2998f560558747603878a36a7260326fca?s=96&d=mm&r=g\",\"url\":\"https:\\\/\\\/secure.gravatar.com\\\/avatar\\\/a3d093da1d34688ed5ec2ae18ebe0d2998f560558747603878a36a7260326fca?s=96&d=mm&r=g\",\"contentUrl\":\"https:\\\/\\\/secure.gravatar.com\\\/avatar\\\/a3d093da1d34688ed5ec2ae18ebe0d2998f560558747603878a36a7260326fca?s=96&d=mm&r=g\",\"caption\":\"Clay Johnston\"},\"url\":\"https:\\\/\\\/bakemark.com\\\/fr\\\/author\\\/clay\\\/\"}]}<\/script>\n<!-- \/ Yoast SEO plugin. -->","yoast_head_json":{"title":"The Baker's Mark - L'automne, c'est la couleur !","description":"Pourquoi la s\u00e9lection de biscuits d'automne de votre boulangerie devrait-elle \u00eatre diff\u00e9rente des arbres \u00e0 l'ext\u00e9rieur ? Egayez votre boulangerie avec les saupoudrages d'automne !","robots":{"index":"index","follow":"follow","max-snippet":"max-snippet:-1","max-image-preview":"max-image-preview:large","max-video-preview":"max-video-preview:-1"},"canonical":"https:\/\/bakemark.com\/fr\/lautomne-cest-la-couleur\/","og_locale":"fr_FR","og_type":"article","og_title":"The Baker's Mark - L'automne, c'est la couleur !","og_description":"Pourquoi la s\u00e9lection de biscuits d'automne de votre boulangerie devrait-elle \u00eatre diff\u00e9rente des arbres \u00e0 l'ext\u00e9rieur ? Egayez votre boulangerie avec les saupoudrages d'automne !","og_url":"https:\/\/bakemark.com\/fr\/lautomne-cest-la-couleur\/","og_site_name":"BakeMark","article_published_time":"2021-09-22T17:00:00+00:00","article_modified_time":"2025-02-04T20:56:39+00:00","og_image":[{"width":1400,"height":700,"url":"https:\/\/bakemark.com\/wp-content\/uploads\/2024\/08\/Untitled-design-4.png","type":"image\/png"}],"author":"Clay Johnston","twitter_card":"summary_large_image","twitter_misc":{"Written by":"Clay Johnston","Est. reading time":"2 minutes"},"schema":{"@context":"https:\/\/schema.org","@graph":[{"@type":"Article","@id":"https:\/\/bakemark.com\/fr\/lautomne-cest-la-couleur\/#article","isPartOf":{"@id":"https:\/\/bakemark.com\/fr\/lautomne-cest-la-couleur\/"},"author":{"name":"Clay Johnston","@id":"https:\/\/bakemark.com\/fr\/#\/schema\/person\/371846d4b7748680ef78cfa4ab07c3f9"},"headline":"L&rsquo;automne, c&rsquo;est la couleur !","datePublished":"2021-09-22T17:00:00+00:00","dateModified":"2025-02-04T20:56:39+00:00","mainEntityOfPage":{"@id":"https:\/\/bakemark.com\/fr\/lautomne-cest-la-couleur\/"},"wordCount":482,"publisher":{"@id":"https:\/\/bakemark.com\/fr\/#organization"},"image":{"@id":"https:\/\/bakemark.com\/fr\/lautomne-cest-la-couleur\/#primaryimage"},"thumbnailUrl":"https:\/\/bakemark.com\/wp-content\/uploads\/2024\/08\/Untitled-design-4.png","keywords":["Boulangerie","L'automne","Saupoudrage"],"articleSection":["Vendez vos bonbons !"],"inLanguage":"fr-FR"},{"@type":"WebPage","@id":"https:\/\/bakemark.com\/fr\/lautomne-cest-la-couleur\/","url":"https:\/\/bakemark.com\/fr\/lautomne-cest-la-couleur\/","name":"The Baker's Mark - L'automne, c'est la couleur !","isPartOf":{"@id":"https:\/\/bakemark.com\/fr\/#website"},"primaryImageOfPage":{"@id":"https:\/\/bakemark.com\/fr\/lautomne-cest-la-couleur\/#primaryimage"},"image":{"@id":"https:\/\/bakemark.com\/fr\/lautomne-cest-la-couleur\/#primaryimage"},"thumbnailUrl":"https:\/\/bakemark.com\/wp-content\/uploads\/2024\/08\/Untitled-design-4.png","datePublished":"2021-09-22T17:00:00+00:00","dateModified":"2025-02-04T20:56:39+00:00","description":"Pourquoi la s\u00e9lection de biscuits d'automne de votre boulangerie devrait-elle \u00eatre diff\u00e9rente des arbres \u00e0 l'ext\u00e9rieur ? Egayez votre boulangerie avec les saupoudrages d'automne !","breadcrumb":{"@id":"https:\/\/bakemark.com\/fr\/lautomne-cest-la-couleur\/#breadcrumb"},"inLanguage":"fr-FR","potentialAction":[{"@type":"ReadAction","target":["https:\/\/bakemark.com\/fr\/lautomne-cest-la-couleur\/"]}]},{"@type":"ImageObject","inLanguage":"fr-FR","@id":"https:\/\/bakemark.com\/fr\/lautomne-cest-la-couleur\/#primaryimage","url":"https:\/\/bakemark.com\/wp-content\/uploads\/2024\/08\/Untitled-design-4.png","contentUrl":"https:\/\/bakemark.com\/wp-content\/uploads\/2024\/08\/Untitled-design-4.png","width":1400,"height":700},{"@type":"BreadcrumbList","@id":"https:\/\/bakemark.com\/fr\/lautomne-cest-la-couleur\/#breadcrumb","itemListElement":[{"@type":"ListItem","position":1,"name":"Home","item":"https:\/\/bakemark.com\/fr\/"},{"@type":"ListItem","position":2,"name":"L&#8217;automne, c&#8217;est la couleur !"}]},{"@type":"WebSite","@id":"https:\/\/bakemark.com\/fr\/#website","url":"https:\/\/bakemark.com\/fr\/","name":"BakeMark","description":"","publisher":{"@id":"https:\/\/bakemark.com\/fr\/#organization"},"potentialAction":[{"@type":"SearchAction","target":{"@type":"EntryPoint","urlTemplate":"https:\/\/bakemark.com\/fr\/?s={search_term_string}"},"query-input":{"@type":"PropertyValueSpecification","valueRequired":true,"valueName":"search_term_string"}}],"inLanguage":"fr-FR"},{"@type":"Organization","@id":"https:\/\/bakemark.com\/fr\/#organization","name":"BakeMark","url":"https:\/\/bakemark.com\/fr\/","logo":{"@type":"ImageObject","inLanguage":"fr-FR","@id":"https:\/\/bakemark.com\/fr\/#\/schema\/logo\/image\/","url":"https:\/\/bakemark.com\/wp-content\/uploads\/2024\/07\/bakemark-logo-wht.svg","contentUrl":"https:\/\/bakemark.com\/wp-content\/uploads\/2024\/07\/bakemark-logo-wht.svg","width":233,"height":58,"caption":"BakeMark"},"image":{"@id":"https:\/\/bakemark.com\/fr\/#\/schema\/logo\/image\/"}},{"@type":"Person","@id":"https:\/\/bakemark.com\/fr\/#\/schema\/person\/371846d4b7748680ef78cfa4ab07c3f9","name":"Clay Johnston","image":{"@type":"ImageObject","inLanguage":"fr-FR","@id":"https:\/\/secure.gravatar.com\/avatar\/a3d093da1d34688ed5ec2ae18ebe0d2998f560558747603878a36a7260326fca?s=96&d=mm&r=g","url":"https:\/\/secure.gravatar.com\/avatar\/a3d093da1d34688ed5ec2ae18ebe0d2998f560558747603878a36a7260326fca?s=96&d=mm&r=g","contentUrl":"https:\/\/secure.gravatar.com\/avatar\/a3d093da1d34688ed5ec2ae18ebe0d2998f560558747603878a36a7260326fca?s=96&d=mm&r=g","caption":"Clay Johnston"},"url":"https:\/\/bakemark.com\/fr\/author\/clay\/"}]}},"_links":{"self":[{"href":"https:\/\/bakemark.com\/fr\/wp-json\/wp\/v2\/posts\/5436","targetHints":{"allow":["GET"]}}],"collection":[{"href":"https:\/\/bakemark.com\/fr\/wp-json\/wp\/v2\/posts"}],"about":[{"href":"https:\/\/bakemark.com\/fr\/wp-json\/wp\/v2\/types\/post"}],"author":[{"embeddable":true,"href":"https:\/\/bakemark.com\/fr\/wp-json\/wp\/v2\/users\/3"}],"replies":[{"embeddable":true,"href":"https:\/\/bakemark.com\/fr\/wp-json\/wp\/v2\/comments?post=5436"}],"version-history":[{"count":0,"href":"https:\/\/bakemark.com\/fr\/wp-json\/wp\/v2\/posts\/5436\/revisions"}],"wp:featuredmedia":[{"embeddable":true,"href":"https:\/\/bakemark.com\/fr\/wp-json\/wp\/v2\/media\/4288"}],"wp:attachment":[{"href":"https:\/\/bakemark.com\/fr\/wp-json\/wp\/v2\/media?parent=5436"}],"wp:term":[{"taxonomy":"category","embeddable":true,"href":"https:\/\/bakemark.com\/fr\/wp-json\/wp\/v2\/categories?post=5436"},{"taxonomy":"post_tag","embeddable":true,"href":"https:\/\/bakemark.com\/fr\/wp-json\/wp\/v2\/tags?post=5436"},{"taxonomy":"post_series","embeddable":true,"href":"https:\/\/bakemark.com\/fr\/wp-json\/wp\/v2\/post_series?post=5436"}],"curies":[{"name":"wp","href":"https:\/\/api.w.org\/{rel}","templated":true}]}}