{"id":5444,"date":"2021-08-18T21:16:18","date_gmt":"2021-08-19T02:16:18","guid":{"rendered":"https:\/\/bakemark.com\/la-vainilla-es-versatil\/"},"modified":"2025-02-04T14:56:46","modified_gmt":"2025-02-04T20:56:46","slug":"la-vainilla-es-versatil","status":"publish","type":"post","link":"https:\/\/bakemark.com\/es\/la-vainilla-es-versatil\/","title":{"rendered":"La vainilla es vers\u00e1til"},"content":{"rendered":"&#13;\n<p>A veces, la gente se refiere a la vainilla como algo malo&#8230; pero en realidad, \u00a1la vainilla es incre\u00edble! \u00bfCu\u00e1ntos otros sabores se te ocurren que combinen con casi todo, o que incluso se puedan HACER de otra forma? No hay demasiados. Hablando de vainilla&#8230;   <\/p>&#13;\n&#13;\n<h3 id=\"h-happy-vanilla-custard-day\" class=\"has-vivid-red-color has-text-color wp-block-heading\">\u00a1Feliz D\u00eda de las Natillas de Vainilla!<\/h3>&#13;\n&#13;\n<p>Cada perro&#8230; er, postre&#8230; tiene su d\u00eda, \u00a1y ayer, 17 de agosto, result\u00f3 ser EL d\u00eda de las natillas de vainilla! \u00bfSab\u00edas que BakeMark ofrece una crema pastelera de vainilla que puedes utilizar en cualquier cosa, desde tartas a pasteles, pasando por donuts&#8230; y mucho m\u00e1s? \u00a1Pues nosotros s\u00ed! Puede que no lo reconozcas a primera vista por el nombre, pero el Relleno de Crema Westco Snot Block es exactamente lo que necesitas para dar versatilidad a tu cocina con un solo producto.   <\/p>&#13;\n&#13;\n<h3 id=\"h-snot-block-cr-me-filling\" class=\"has-vivid-red-color has-text-color wp-block-heading\">\u00bfRelleno de crema de mocos?<\/h3>&#13;\n&#13;\n<p>S\u00ed, has le\u00eddo bien&#8230; nuestro relleno es una herramienta asombrosa que debes tener en el arsenal de tu panader\u00eda, porque puede ayudarte a elaborar productos asombrosos que har\u00e1n que tus clientes vuelvan una y otra vez. Aunque el nombre puede ser un poco gracioso<em><a href=\"https:\/\/www.news.com.au\/lifestyle\/food\/eat\/vanilla-slice-or-snot-block-aussies-debate-treat-name\/news-story\/49bb3c6f3490dc61c0b953e8a3cc20b1\">(\u00a1un saludo a nuestros amigos australianos que acaban de debatirlo<\/a>!<\/em>), no dejes que eso te impida probar el producto en tu propia cocina para ver hasta d\u00f3nde puedes llevarlo. Cr\u00e9enos,<strong>\u00a1no<\/strong> es el t\u00edpico pastelito!  <\/p>&#13;\n&#13;\n<h3 id=\"h-you-don-t-have-to-be-vanilla\" class=\"has-vivid-red-color has-text-color wp-block-heading\">No tienes que ser \u00abvainilla\u00bb.<\/h3>&#13;\n&#13;\n<p>\u00a1Que el relleno de crema sea de vainilla no significa que tenga que seguir si\u00e9ndolo! BakeMark tambi\u00e9n ofrece una gran l\u00ednea de sabores Westco como fresa, coco, naranja y \u00a1mucho m\u00e1s! Imag\u00ednate esa tarta veraniega perfecta hecha con relleno de crema Westco Snot Block, animada con sabores de cereza o pi\u00f1a. \u00a1Sabr\u00e1 como un trocito de verano!   <\/p>&#13;\n&#13;\n<p>Con el oto\u00f1o a la vuelta de la esquina, nuestro sabor Westco Almendra es perfecto para crear donuts rellenos, postres, tartas y \u00a1mucho m\u00e1s! Es un t\u00f3pico decirlo, \u00a1pero las posibilidades son casi infinitas! <\/p>&#13;\n&#13;\n<h3 id=\"h-as-always-don-t-sacrifice-quality\" class=\"has-vivid-red-color has-text-color wp-block-heading\">Como siempre, no sacrifiques la calidad<\/h3>&#13;\n&#13;\n<p>Ya sabes que BakeMark proporciona productos vers\u00e1tiles que tambi\u00e9n son de alta calidad, y nuestro Relleno de Crema y Sabores Premium Westco Snot Block no son una excepci\u00f3n. Estamos orgullosos de nuestra calidad y versatilidad, \u00a1y queremos que tengas \u00e9xito! Aseg\u00farate de ponerte en contacto con tu representante hoy mismo para ver c\u00f3mo estos dos productos pueden diferenciarte de la competencia y prepararte para el \u00e9xito durante el resto de 2021 y m\u00e1s all\u00e1.  <\/p>&#13;\n\r\n<div class=\"wp-block-spacer\" style=\"height: 50px;\" aria-hidden=\"true\">\u00a0<\/div>\r\n","protected":false},"excerpt":{"rendered":"<p>&#13; A veces, la gente se refiere a la vainilla como algo malo&#8230; pero en realidad, \u00a1la vainilla es incre\u00edble! \u00bfCu\u00e1ntos otros sabores se te ocurren que combinen con casi todo, o que incluso se puedan HACER de otra forma? No hay demasiados. Hablando de vainilla&#8230; &#13; &#13; \u00a1Feliz D\u00eda de las Natillas de Vainilla!&hellip;<\/p>\n","protected":false},"author":3,"featured_media":4281,"comment_status":"closed","ping_status":"closed","sticky":false,"template":"","format":"standard","meta":{"_acf_changed":false,"content-type":"","footnotes":""},"categories":[224],"tags":[256,365,367],"post_series":[],"class_list":["post-5444","post","type-post","status-publish","format-standard","has-post-thumbnail","hentry","category-vende-tus-dulces","tag-panaderia","tag-rellenos","tag-vainilla","entry","has-media"],"acf":[],"yoast_head":"<!-- This site is optimized with the Yoast SEO plugin v27.4 - https:\/\/yoast.com\/product\/yoast-seo-wordpress\/ -->\n<title>La marca del panadero - \u00a1La vainilla es vers\u00e1til!<\/title>\n<meta name=\"description\" content=\"A veces la gente se refiere a la vainilla como algo malo... \u00a1pero en realidad es incre\u00edble! La vainilla combina con casi todo\" \/>\n<meta name=\"robots\" content=\"index, follow, max-snippet:-1, max-image-preview:large, max-video-preview:-1\" \/>\n<link rel=\"canonical\" href=\"https:\/\/bakemark.com\/es\/la-vainilla-es-versatil\/\" \/>\n<meta property=\"og:locale\" content=\"es_ES\" \/>\n<meta property=\"og:type\" content=\"article\" \/>\n<meta property=\"og:title\" content=\"La marca del panadero - \u00a1La vainilla es vers\u00e1til!\" \/>\n<meta property=\"og:description\" content=\"A veces la gente se refiere a la vainilla como algo malo... \u00a1pero en realidad es incre\u00edble! La vainilla combina con casi todo\" \/>\n<meta property=\"og:url\" content=\"https:\/\/bakemark.com\/es\/la-vainilla-es-versatil\/\" \/>\n<meta property=\"og:site_name\" content=\"BakeMark\" \/>\n<meta property=\"article:published_time\" content=\"2021-08-19T02:16:18+00:00\" \/>\n<meta property=\"article:modified_time\" content=\"2025-02-04T20:56:46+00:00\" \/>\n<meta property=\"og:image\" content=\"https:\/\/bakemark.com\/wp-content\/uploads\/2024\/08\/Untitled-design-30-1.png\" \/>\n\t<meta property=\"og:image:width\" content=\"2048\" \/>\n\t<meta property=\"og:image:height\" content=\"1090\" \/>\n\t<meta property=\"og:image:type\" content=\"image\/png\" \/>\n<meta name=\"author\" content=\"Clay Johnston\" \/>\n<meta name=\"twitter:card\" content=\"summary_large_image\" \/>\n<meta name=\"twitter:label1\" content=\"Written by\" \/>\n\t<meta name=\"twitter:data1\" content=\"Clay Johnston\" \/>\n\t<meta name=\"twitter:label2\" content=\"Est. reading time\" \/>\n\t<meta name=\"twitter:data2\" content=\"2 minutos\" \/>\n<script type=\"application\/ld+json\" class=\"yoast-schema-graph\">{\"@context\":\"https:\\\/\\\/schema.org\",\"@graph\":[{\"@type\":\"Article\",\"@id\":\"https:\\\/\\\/bakemark.com\\\/es\\\/la-vainilla-es-versatil\\\/#article\",\"isPartOf\":{\"@id\":\"https:\\\/\\\/bakemark.com\\\/es\\\/la-vainilla-es-versatil\\\/\"},\"author\":{\"name\":\"Clay Johnston\",\"@id\":\"https:\\\/\\\/bakemark.com\\\/es\\\/#\\\/schema\\\/person\\\/371846d4b7748680ef78cfa4ab07c3f9\"},\"headline\":\"La vainilla es vers\u00e1til\",\"datePublished\":\"2021-08-19T02:16:18+00:00\",\"dateModified\":\"2025-02-04T20:56:46+00:00\",\"mainEntityOfPage\":{\"@id\":\"https:\\\/\\\/bakemark.com\\\/es\\\/la-vainilla-es-versatil\\\/\"},\"wordCount\":426,\"publisher\":{\"@id\":\"https:\\\/\\\/bakemark.com\\\/es\\\/#organization\"},\"image\":{\"@id\":\"https:\\\/\\\/bakemark.com\\\/es\\\/la-vainilla-es-versatil\\\/#primaryimage\"},\"thumbnailUrl\":\"https:\\\/\\\/bakemark.com\\\/wp-content\\\/uploads\\\/2024\\\/08\\\/Untitled-design-30-1.png\",\"keywords\":[\"Panader\u00eda\",\"rellenos\",\"vainilla\"],\"articleSection\":[\"\u00a1Vende tus dulces!\"],\"inLanguage\":\"es\"},{\"@type\":\"WebPage\",\"@id\":\"https:\\\/\\\/bakemark.com\\\/es\\\/la-vainilla-es-versatil\\\/\",\"url\":\"https:\\\/\\\/bakemark.com\\\/es\\\/la-vainilla-es-versatil\\\/\",\"name\":\"La marca del panadero - \u00a1La vainilla es vers\u00e1til!\",\"isPartOf\":{\"@id\":\"https:\\\/\\\/bakemark.com\\\/es\\\/#website\"},\"primaryImageOfPage\":{\"@id\":\"https:\\\/\\\/bakemark.com\\\/es\\\/la-vainilla-es-versatil\\\/#primaryimage\"},\"image\":{\"@id\":\"https:\\\/\\\/bakemark.com\\\/es\\\/la-vainilla-es-versatil\\\/#primaryimage\"},\"thumbnailUrl\":\"https:\\\/\\\/bakemark.com\\\/wp-content\\\/uploads\\\/2024\\\/08\\\/Untitled-design-30-1.png\",\"datePublished\":\"2021-08-19T02:16:18+00:00\",\"dateModified\":\"2025-02-04T20:56:46+00:00\",\"description\":\"A veces la gente se refiere a la vainilla como algo malo... \u00a1pero en realidad es incre\u00edble! La vainilla combina con casi todo\",\"breadcrumb\":{\"@id\":\"https:\\\/\\\/bakemark.com\\\/es\\\/la-vainilla-es-versatil\\\/#breadcrumb\"},\"inLanguage\":\"es\",\"potentialAction\":[{\"@type\":\"ReadAction\",\"target\":[\"https:\\\/\\\/bakemark.com\\\/es\\\/la-vainilla-es-versatil\\\/\"]}]},{\"@type\":\"ImageObject\",\"inLanguage\":\"es\",\"@id\":\"https:\\\/\\\/bakemark.com\\\/es\\\/la-vainilla-es-versatil\\\/#primaryimage\",\"url\":\"https:\\\/\\\/bakemark.com\\\/wp-content\\\/uploads\\\/2024\\\/08\\\/Untitled-design-30-1.png\",\"contentUrl\":\"https:\\\/\\\/bakemark.com\\\/wp-content\\\/uploads\\\/2024\\\/08\\\/Untitled-design-30-1.png\",\"width\":2048,\"height\":1090},{\"@type\":\"BreadcrumbList\",\"@id\":\"https:\\\/\\\/bakemark.com\\\/es\\\/la-vainilla-es-versatil\\\/#breadcrumb\",\"itemListElement\":[{\"@type\":\"ListItem\",\"position\":1,\"name\":\"Home\",\"item\":\"https:\\\/\\\/bakemark.com\\\/es\\\/\"},{\"@type\":\"ListItem\",\"position\":2,\"name\":\"La vainilla es vers\u00e1til\"}]},{\"@type\":\"WebSite\",\"@id\":\"https:\\\/\\\/bakemark.com\\\/es\\\/#website\",\"url\":\"https:\\\/\\\/bakemark.com\\\/es\\\/\",\"name\":\"BakeMark\",\"description\":\"\",\"publisher\":{\"@id\":\"https:\\\/\\\/bakemark.com\\\/es\\\/#organization\"},\"potentialAction\":[{\"@type\":\"SearchAction\",\"target\":{\"@type\":\"EntryPoint\",\"urlTemplate\":\"https:\\\/\\\/bakemark.com\\\/es\\\/?s={search_term_string}\"},\"query-input\":{\"@type\":\"PropertyValueSpecification\",\"valueRequired\":true,\"valueName\":\"search_term_string\"}}],\"inLanguage\":\"es\"},{\"@type\":\"Organization\",\"@id\":\"https:\\\/\\\/bakemark.com\\\/es\\\/#organization\",\"name\":\"BakeMark\",\"url\":\"https:\\\/\\\/bakemark.com\\\/es\\\/\",\"logo\":{\"@type\":\"ImageObject\",\"inLanguage\":\"es\",\"@id\":\"https:\\\/\\\/bakemark.com\\\/es\\\/#\\\/schema\\\/logo\\\/image\\\/\",\"url\":\"https:\\\/\\\/bakemark.com\\\/wp-content\\\/uploads\\\/2024\\\/07\\\/bakemark-logo-wht.svg\",\"contentUrl\":\"https:\\\/\\\/bakemark.com\\\/wp-content\\\/uploads\\\/2024\\\/07\\\/bakemark-logo-wht.svg\",\"width\":233,\"height\":58,\"caption\":\"BakeMark\"},\"image\":{\"@id\":\"https:\\\/\\\/bakemark.com\\\/es\\\/#\\\/schema\\\/logo\\\/image\\\/\"}},{\"@type\":\"Person\",\"@id\":\"https:\\\/\\\/bakemark.com\\\/es\\\/#\\\/schema\\\/person\\\/371846d4b7748680ef78cfa4ab07c3f9\",\"name\":\"Clay Johnston\",\"image\":{\"@type\":\"ImageObject\",\"inLanguage\":\"es\",\"@id\":\"https:\\\/\\\/secure.gravatar.com\\\/avatar\\\/a3d093da1d34688ed5ec2ae18ebe0d2998f560558747603878a36a7260326fca?s=96&d=mm&r=g\",\"url\":\"https:\\\/\\\/secure.gravatar.com\\\/avatar\\\/a3d093da1d34688ed5ec2ae18ebe0d2998f560558747603878a36a7260326fca?s=96&d=mm&r=g\",\"contentUrl\":\"https:\\\/\\\/secure.gravatar.com\\\/avatar\\\/a3d093da1d34688ed5ec2ae18ebe0d2998f560558747603878a36a7260326fca?s=96&d=mm&r=g\",\"caption\":\"Clay Johnston\"},\"url\":\"https:\\\/\\\/bakemark.com\\\/es\\\/author\\\/clay\\\/\"}]}<\/script>\n<!-- \/ Yoast SEO plugin. -->","yoast_head_json":{"title":"La marca del panadero - \u00a1La vainilla es vers\u00e1til!","description":"A veces la gente se refiere a la vainilla como algo malo... \u00a1pero en realidad es incre\u00edble! La vainilla combina con casi todo","robots":{"index":"index","follow":"follow","max-snippet":"max-snippet:-1","max-image-preview":"max-image-preview:large","max-video-preview":"max-video-preview:-1"},"canonical":"https:\/\/bakemark.com\/es\/la-vainilla-es-versatil\/","og_locale":"es_ES","og_type":"article","og_title":"La marca del panadero - \u00a1La vainilla es vers\u00e1til!","og_description":"A veces la gente se refiere a la vainilla como algo malo... \u00a1pero en realidad es incre\u00edble! La vainilla combina con casi todo","og_url":"https:\/\/bakemark.com\/es\/la-vainilla-es-versatil\/","og_site_name":"BakeMark","article_published_time":"2021-08-19T02:16:18+00:00","article_modified_time":"2025-02-04T20:56:46+00:00","og_image":[{"width":2048,"height":1090,"url":"https:\/\/bakemark.com\/wp-content\/uploads\/2024\/08\/Untitled-design-30-1.png","type":"image\/png"}],"author":"Clay Johnston","twitter_card":"summary_large_image","twitter_misc":{"Written by":"Clay Johnston","Est. reading time":"2 minutos"},"schema":{"@context":"https:\/\/schema.org","@graph":[{"@type":"Article","@id":"https:\/\/bakemark.com\/es\/la-vainilla-es-versatil\/#article","isPartOf":{"@id":"https:\/\/bakemark.com\/es\/la-vainilla-es-versatil\/"},"author":{"name":"Clay Johnston","@id":"https:\/\/bakemark.com\/es\/#\/schema\/person\/371846d4b7748680ef78cfa4ab07c3f9"},"headline":"La vainilla es vers\u00e1til","datePublished":"2021-08-19T02:16:18+00:00","dateModified":"2025-02-04T20:56:46+00:00","mainEntityOfPage":{"@id":"https:\/\/bakemark.com\/es\/la-vainilla-es-versatil\/"},"wordCount":426,"publisher":{"@id":"https:\/\/bakemark.com\/es\/#organization"},"image":{"@id":"https:\/\/bakemark.com\/es\/la-vainilla-es-versatil\/#primaryimage"},"thumbnailUrl":"https:\/\/bakemark.com\/wp-content\/uploads\/2024\/08\/Untitled-design-30-1.png","keywords":["Panader\u00eda","rellenos","vainilla"],"articleSection":["\u00a1Vende tus dulces!"],"inLanguage":"es"},{"@type":"WebPage","@id":"https:\/\/bakemark.com\/es\/la-vainilla-es-versatil\/","url":"https:\/\/bakemark.com\/es\/la-vainilla-es-versatil\/","name":"La marca del panadero - \u00a1La vainilla es vers\u00e1til!","isPartOf":{"@id":"https:\/\/bakemark.com\/es\/#website"},"primaryImageOfPage":{"@id":"https:\/\/bakemark.com\/es\/la-vainilla-es-versatil\/#primaryimage"},"image":{"@id":"https:\/\/bakemark.com\/es\/la-vainilla-es-versatil\/#primaryimage"},"thumbnailUrl":"https:\/\/bakemark.com\/wp-content\/uploads\/2024\/08\/Untitled-design-30-1.png","datePublished":"2021-08-19T02:16:18+00:00","dateModified":"2025-02-04T20:56:46+00:00","description":"A veces la gente se refiere a la vainilla como algo malo... \u00a1pero en realidad es incre\u00edble! La vainilla combina con casi todo","breadcrumb":{"@id":"https:\/\/bakemark.com\/es\/la-vainilla-es-versatil\/#breadcrumb"},"inLanguage":"es","potentialAction":[{"@type":"ReadAction","target":["https:\/\/bakemark.com\/es\/la-vainilla-es-versatil\/"]}]},{"@type":"ImageObject","inLanguage":"es","@id":"https:\/\/bakemark.com\/es\/la-vainilla-es-versatil\/#primaryimage","url":"https:\/\/bakemark.com\/wp-content\/uploads\/2024\/08\/Untitled-design-30-1.png","contentUrl":"https:\/\/bakemark.com\/wp-content\/uploads\/2024\/08\/Untitled-design-30-1.png","width":2048,"height":1090},{"@type":"BreadcrumbList","@id":"https:\/\/bakemark.com\/es\/la-vainilla-es-versatil\/#breadcrumb","itemListElement":[{"@type":"ListItem","position":1,"name":"Home","item":"https:\/\/bakemark.com\/es\/"},{"@type":"ListItem","position":2,"name":"La vainilla es vers\u00e1til"}]},{"@type":"WebSite","@id":"https:\/\/bakemark.com\/es\/#website","url":"https:\/\/bakemark.com\/es\/","name":"BakeMark","description":"","publisher":{"@id":"https:\/\/bakemark.com\/es\/#organization"},"potentialAction":[{"@type":"SearchAction","target":{"@type":"EntryPoint","urlTemplate":"https:\/\/bakemark.com\/es\/?s={search_term_string}"},"query-input":{"@type":"PropertyValueSpecification","valueRequired":true,"valueName":"search_term_string"}}],"inLanguage":"es"},{"@type":"Organization","@id":"https:\/\/bakemark.com\/es\/#organization","name":"BakeMark","url":"https:\/\/bakemark.com\/es\/","logo":{"@type":"ImageObject","inLanguage":"es","@id":"https:\/\/bakemark.com\/es\/#\/schema\/logo\/image\/","url":"https:\/\/bakemark.com\/wp-content\/uploads\/2024\/07\/bakemark-logo-wht.svg","contentUrl":"https:\/\/bakemark.com\/wp-content\/uploads\/2024\/07\/bakemark-logo-wht.svg","width":233,"height":58,"caption":"BakeMark"},"image":{"@id":"https:\/\/bakemark.com\/es\/#\/schema\/logo\/image\/"}},{"@type":"Person","@id":"https:\/\/bakemark.com\/es\/#\/schema\/person\/371846d4b7748680ef78cfa4ab07c3f9","name":"Clay Johnston","image":{"@type":"ImageObject","inLanguage":"es","@id":"https:\/\/secure.gravatar.com\/avatar\/a3d093da1d34688ed5ec2ae18ebe0d2998f560558747603878a36a7260326fca?s=96&d=mm&r=g","url":"https:\/\/secure.gravatar.com\/avatar\/a3d093da1d34688ed5ec2ae18ebe0d2998f560558747603878a36a7260326fca?s=96&d=mm&r=g","contentUrl":"https:\/\/secure.gravatar.com\/avatar\/a3d093da1d34688ed5ec2ae18ebe0d2998f560558747603878a36a7260326fca?s=96&d=mm&r=g","caption":"Clay Johnston"},"url":"https:\/\/bakemark.com\/es\/author\/clay\/"}]}},"_links":{"self":[{"href":"https:\/\/bakemark.com\/es\/wp-json\/wp\/v2\/posts\/5444","targetHints":{"allow":["GET"]}}],"collection":[{"href":"https:\/\/bakemark.com\/es\/wp-json\/wp\/v2\/posts"}],"about":[{"href":"https:\/\/bakemark.com\/es\/wp-json\/wp\/v2\/types\/post"}],"author":[{"embeddable":true,"href":"https:\/\/bakemark.com\/es\/wp-json\/wp\/v2\/users\/3"}],"replies":[{"embeddable":true,"href":"https:\/\/bakemark.com\/es\/wp-json\/wp\/v2\/comments?post=5444"}],"version-history":[{"count":0,"href":"https:\/\/bakemark.com\/es\/wp-json\/wp\/v2\/posts\/5444\/revisions"}],"wp:featuredmedia":[{"embeddable":true,"href":"https:\/\/bakemark.com\/es\/wp-json\/wp\/v2\/media\/4281"}],"wp:attachment":[{"href":"https:\/\/bakemark.com\/es\/wp-json\/wp\/v2\/media?parent=5444"}],"wp:term":[{"taxonomy":"category","embeddable":true,"href":"https:\/\/bakemark.com\/es\/wp-json\/wp\/v2\/categories?post=5444"},{"taxonomy":"post_tag","embeddable":true,"href":"https:\/\/bakemark.com\/es\/wp-json\/wp\/v2\/tags?post=5444"},{"taxonomy":"post_series","embeddable":true,"href":"https:\/\/bakemark.com\/es\/wp-json\/wp\/v2\/post_series?post=5444"}],"curies":[{"name":"wp","href":"https:\/\/api.w.org\/{rel}","templated":true}]}}